{"id":583807,"date":"2025-04-10T08:42:04","date_gmt":"2025-04-10T06:42:04","guid":{"rendered":"https:\/\/bandelin.com\/?p=583807"},"modified":"2026-04-09T12:25:10","modified_gmt":"2026-04-09T10:25:10","slug":"parts2clean-stuttgart-a-partir-del-07-10-09-10-2025","status":"publish","type":"post","link":"https:\/\/bandelin.com\/es\/messen-events\/parts2clean-stuttgart-vom-07-10-09-10-2025\/","title":{"rendered":"Parts2Clean, Stuttgart del 07.10.-09.10.2025"},"content":{"rendered":"<p>El <strong>parts2clean 2025<\/strong> es la principal feria internacional de limpieza industrial de componentes y superficies y se celebra en Stuttgart. Est\u00e1 dirigida a empresas y profesionales relacionados con la tecnolog\u00eda de limpieza industrial y abarca una amplia gama de temas como la tecnolog\u00eda de limpieza, la garant\u00eda de calidad y el tratamiento de superficies. En la feria, numerosos expositores presentar\u00e1n las \u00faltimas innovaciones y soluciones para alcanzar los m\u00e1s altos niveles de limpieza en la producci\u00f3n. parts2clean 2025 ofrece una plataforma para compartir conocimientos, debatir las tendencias del sector y entablar relaciones comerciales en un mercado en expansi\u00f3n para la limpieza industrial.<br><br><\/p>\n\n\n\n<p><\/p>","protected":false},"excerpt":{"rendered":"<p>Die parts2clean 2025 ist die f\u00fchrende internationale Fachmesse f\u00fcr industrielle Bauteil- und Oberfl\u00e4chenreinigung und findet in Stuttgart statt. Sie richtet sich an Unternehmen und Fachleute, die in der industriellen Reinigungstechnologie t\u00e4tig sind, und deckt ein breites Spektrum an Themen wie Reinigungstechnik, Qualit\u00e4tssicherung und Oberfl\u00e4chenbehandlung ab. Auf der Messe pr\u00e4sentieren zahlreiche Aussteller die neuesten Innovationen und [&hellip;]<\/p>\n","protected":false},"author":3,"featured_media":0,"comment_status":"closed","ping_status":"closed","sticky":false,"template":"","format":"standard","meta":{"_acf_changed":false,"footnotes":""},"categories":[1887],"tags":[14656],"class_list":["post-583807","post","type-post","status-publish","format-standard","hentry","category-messen-events","tag-vergangen"],"acf":[],"yoast_head":"<!-- This site is optimized with the Yoast SEO plugin v27.5 - https:\/\/yoast.com\/product\/yoast-seo-wordpress\/ -->\n<title>Parts2Clean, Stuttgart vom 07.10.-09.10.2025 | BANDELIN electronic GmbH &amp; Co. KG<\/title>\n<meta name=\"description\" content=\"Parts2Clean, Stuttgart vom 07.10.-09.10.2025 | Bandelin Electronic Berlin\" \/>\n<meta name=\"robots\" content=\"index, follow, max-snippet:-1, max-image-preview:large, max-video-preview:-1\" \/>\n<link rel=\"canonical\" href=\"https:\/\/bandelin.com\/es\/medir-eventos\/parts2clean-stuttgart-a-partir-del-07-10-09-10-2025\/\" \/>\n<meta property=\"og:locale\" content=\"es_ES\" \/>\n<meta property=\"og:type\" content=\"article\" \/>\n<meta property=\"og:title\" content=\"Parts2Clean, Stuttgart vom 07.10.-09.10.2025 | BANDELIN electronic GmbH &amp; Co. KG\" \/>\n<meta property=\"og:description\" content=\"Parts2Clean, Stuttgart vom 07.10.-09.10.2025 | Bandelin Electronic Berlin\" \/>\n<meta property=\"og:url\" content=\"https:\/\/bandelin.com\/es\/medir-eventos\/parts2clean-stuttgart-a-partir-del-07-10-09-10-2025\/\" \/>\n<meta property=\"og:site_name\" content=\"BANDELIN electronic GmbH &amp; Co. KG\" \/>\n<meta property=\"article:publisher\" content=\"https:\/\/de-de.facebook.com\/bandelin.electronic\/\" \/>\n<meta property=\"article:published_time\" content=\"2025-04-10T06:42:04+00:00\" \/>\n<meta property=\"article:modified_time\" content=\"2026-04-09T10:25:10+00:00\" \/>\n<meta name=\"author\" content=\"J Bandelin\" \/>\n<meta name=\"twitter:card\" content=\"summary_large_image\" \/>\n<meta name=\"twitter:label1\" content=\"Escrito por\" \/>\n\t<meta name=\"twitter:data1\" content=\"J Bandelin\" \/>\n\t<meta name=\"twitter:label2\" content=\"Tiempo de lectura\" \/>\n\t<meta name=\"twitter:data2\" content=\"1 minuto\" \/>\n<script type=\"application\/ld+json\" class=\"yoast-schema-graph\">{\"@context\":\"https:\\\/\\\/schema.org\",\"@graph\":[{\"@type\":\"Article\",\"@id\":\"https:\\\/\\\/bandelin.com\\\/messen-events\\\/parts2clean-stuttgart-vom-07-10-09-10-2025\\\/#article\",\"isPartOf\":{\"@id\":\"https:\\\/\\\/bandelin.com\\\/messen-events\\\/parts2clean-stuttgart-vom-07-10-09-10-2025\\\/\"},\"author\":{\"name\":\"J Bandelin\",\"@id\":\"https:\\\/\\\/bandelin.com\\\/#\\\/schema\\\/person\\\/1a12cda70bd3f0972f3945d4fcb1fb04\"},\"headline\":\"Parts2Clean, Stuttgart vom 07.10.-09.10.2025\",\"datePublished\":\"2025-04-10T06:42:04+00:00\",\"dateModified\":\"2026-04-09T10:25:10+00:00\",\"mainEntityOfPage\":{\"@id\":\"https:\\\/\\\/bandelin.com\\\/messen-events\\\/parts2clean-stuttgart-vom-07-10-09-10-2025\\\/\"},\"wordCount\":107,\"publisher\":{\"@id\":\"https:\\\/\\\/bandelin.com\\\/#organization\"},\"keywords\":[\"vergangen\"],\"articleSection\":[\"Messen &amp; Events\"],\"inLanguage\":\"es\"},{\"@type\":\"WebPage\",\"@id\":\"https:\\\/\\\/bandelin.com\\\/messen-events\\\/parts2clean-stuttgart-vom-07-10-09-10-2025\\\/\",\"url\":\"https:\\\/\\\/bandelin.com\\\/messen-events\\\/parts2clean-stuttgart-vom-07-10-09-10-2025\\\/\",\"name\":\"Parts2Clean, Stuttgart vom 07.10.-09.10.2025 | BANDELIN electronic GmbH &amp; Co. KG\",\"isPartOf\":{\"@id\":\"https:\\\/\\\/bandelin.com\\\/#website\"},\"datePublished\":\"2025-04-10T06:42:04+00:00\",\"dateModified\":\"2026-04-09T10:25:10+00:00\",\"description\":\"Parts2Clean, Stuttgart vom 07.10.-09.10.2025 | Bandelin Electronic Berlin\",\"breadcrumb\":{\"@id\":\"https:\\\/\\\/bandelin.com\\\/messen-events\\\/parts2clean-stuttgart-vom-07-10-09-10-2025\\\/#breadcrumb\"},\"inLanguage\":\"es\",\"potentialAction\":[{\"@type\":\"ReadAction\",\"target\":[\"https:\\\/\\\/bandelin.com\\\/messen-events\\\/parts2clean-stuttgart-vom-07-10-09-10-2025\\\/\"]}]},{\"@type\":\"BreadcrumbList\",\"@id\":\"https:\\\/\\\/bandelin.com\\\/messen-events\\\/parts2clean-stuttgart-vom-07-10-09-10-2025\\\/#breadcrumb\",\"itemListElement\":[{\"@type\":\"ListItem\",\"position\":1,\"name\":\"Startseite\",\"item\":\"https:\\\/\\\/bandelin.com\\\/\"},{\"@type\":\"ListItem\",\"position\":2,\"name\":\"Messen &amp; Events\",\"item\":\"https:\\\/\\\/bandelin.com\\\/category\\\/messen-events\\\/\"},{\"@type\":\"ListItem\",\"position\":3,\"name\":\"Parts2Clean, Stuttgart vom 07.10.-09.10.2025\"}]},{\"@type\":\"WebSite\",\"@id\":\"https:\\\/\\\/bandelin.com\\\/#website\",\"url\":\"https:\\\/\\\/bandelin.com\\\/\",\"name\":\"BANDELIN electronic GmbH & Co. KG\",\"description\":\"Ultraschall seit 1955\",\"publisher\":{\"@id\":\"https:\\\/\\\/bandelin.com\\\/#organization\"},\"potentialAction\":[{\"@type\":\"SearchAction\",\"target\":{\"@type\":\"EntryPoint\",\"urlTemplate\":\"https:\\\/\\\/bandelin.com\\\/?s={search_term_string}\"},\"query-input\":{\"@type\":\"PropertyValueSpecification\",\"valueRequired\":true,\"valueName\":\"search_term_string\"}}],\"inLanguage\":\"es\"},{\"@type\":\"Organization\",\"@id\":\"https:\\\/\\\/bandelin.com\\\/#organization\",\"name\":\"BANDELIN electronic GmbH & Co. KG\",\"url\":\"https:\\\/\\\/bandelin.com\\\/\",\"logo\":{\"@type\":\"ImageObject\",\"inLanguage\":\"es\",\"@id\":\"https:\\\/\\\/bandelin.com\\\/#\\\/schema\\\/logo\\\/image\\\/\",\"url\":\"\",\"contentUrl\":\"\",\"caption\":\"BANDELIN electronic GmbH & Co. KG\"},\"image\":{\"@id\":\"https:\\\/\\\/bandelin.com\\\/#\\\/schema\\\/logo\\\/image\\\/\"},\"sameAs\":[\"https:\\\/\\\/de-de.facebook.com\\\/bandelin.electronic\\\/\",\"https:\\\/\\\/www.instagram.com\\\/bandelin_ultrasonic\\\/?hl=de\",\"https:\\\/\\\/www.linkedin.com\\\/company\\\/bandelin-electronic-gmbh-amp-co-kg\",\"https:\\\/\\\/www.youtube.com\\\/channel\\\/UC5wTNrNxkwMmX-WzysQqw3g\"]},{\"@type\":\"Person\",\"@id\":\"https:\\\/\\\/bandelin.com\\\/#\\\/schema\\\/person\\\/1a12cda70bd3f0972f3945d4fcb1fb04\",\"name\":\"J Bandelin\",\"image\":{\"@type\":\"ImageObject\",\"inLanguage\":\"es\",\"@id\":\"https:\\\/\\\/secure.gravatar.com\\\/avatar\\\/d2f4f473f2b735d3f886ca089326eaaf08456ff7e80d7eff5abe1ee2547c2820?s=96&d=mm&r=g\",\"url\":\"https:\\\/\\\/secure.gravatar.com\\\/avatar\\\/d2f4f473f2b735d3f886ca089326eaaf08456ff7e80d7eff5abe1ee2547c2820?s=96&d=mm&r=g\",\"contentUrl\":\"https:\\\/\\\/secure.gravatar.com\\\/avatar\\\/d2f4f473f2b735d3f886ca089326eaaf08456ff7e80d7eff5abe1ee2547c2820?s=96&d=mm&r=g\",\"caption\":\"J Bandelin\"},\"url\":\"https:\\\/\\\/bandelin.com\\\/es\\\/author\\\/jobandelin\\\/\"}]}<\/script>\n<!-- \/ Yoast SEO plugin. -->","yoast_head_json":{"title":"Parts2Clean, Stuttgart del 07.10.-09.10.2025 | BANDELIN electronic GmbH &amp; Co. KG","description":"Parts2Clean, Stuttgart del 07.10.-09.10.2025 | Bandelin Electronic Berl\u00edn","robots":{"index":"index","follow":"follow","max-snippet":"max-snippet:-1","max-image-preview":"max-image-preview:large","max-video-preview":"max-video-preview:-1"},"canonical":"https:\/\/bandelin.com\/es\/medir-eventos\/parts2clean-stuttgart-a-partir-del-07-10-09-10-2025\/","og_locale":"es_ES","og_type":"article","og_title":"Parts2Clean, Stuttgart vom 07.10.-09.10.2025 | BANDELIN electronic GmbH &amp; Co. KG","og_description":"Parts2Clean, Stuttgart vom 07.10.-09.10.2025 | Bandelin Electronic Berlin","og_url":"https:\/\/bandelin.com\/es\/medir-eventos\/parts2clean-stuttgart-a-partir-del-07-10-09-10-2025\/","og_site_name":"BANDELIN electronic GmbH &amp; Co. KG","article_publisher":"https:\/\/de-de.facebook.com\/bandelin.electronic\/","article_published_time":"2025-04-10T06:42:04+00:00","article_modified_time":"2026-04-09T10:25:10+00:00","author":"J Bandelin","twitter_card":"summary_large_image","twitter_misc":{"Escrito por":"J Bandelin","Tiempo de lectura":"1 minuto"},"schema":{"@context":"https:\/\/schema.org","@graph":[{"@type":"Article","@id":"https:\/\/bandelin.com\/messen-events\/parts2clean-stuttgart-vom-07-10-09-10-2025\/#article","isPartOf":{"@id":"https:\/\/bandelin.com\/messen-events\/parts2clean-stuttgart-vom-07-10-09-10-2025\/"},"author":{"name":"J Bandelin","@id":"https:\/\/bandelin.com\/#\/schema\/person\/1a12cda70bd3f0972f3945d4fcb1fb04"},"headline":"Parts2Clean, Stuttgart vom 07.10.-09.10.2025","datePublished":"2025-04-10T06:42:04+00:00","dateModified":"2026-04-09T10:25:10+00:00","mainEntityOfPage":{"@id":"https:\/\/bandelin.com\/messen-events\/parts2clean-stuttgart-vom-07-10-09-10-2025\/"},"wordCount":107,"publisher":{"@id":"https:\/\/bandelin.com\/#organization"},"keywords":["vergangen"],"articleSection":["Messen &amp; Events"],"inLanguage":"es"},{"@type":"WebPage","@id":"https:\/\/bandelin.com\/messen-events\/parts2clean-stuttgart-vom-07-10-09-10-2025\/","url":"https:\/\/bandelin.com\/messen-events\/parts2clean-stuttgart-vom-07-10-09-10-2025\/","name":"Parts2Clean, Stuttgart del 07.10.-09.10.2025 | BANDELIN electronic GmbH &amp; Co. KG","isPartOf":{"@id":"https:\/\/bandelin.com\/#website"},"datePublished":"2025-04-10T06:42:04+00:00","dateModified":"2026-04-09T10:25:10+00:00","description":"Parts2Clean, Stuttgart del 07.10.-09.10.2025 | Bandelin Electronic Berl\u00edn","breadcrumb":{"@id":"https:\/\/bandelin.com\/messen-events\/parts2clean-stuttgart-vom-07-10-09-10-2025\/#breadcrumb"},"inLanguage":"es","potentialAction":[{"@type":"ReadAction","target":["https:\/\/bandelin.com\/messen-events\/parts2clean-stuttgart-vom-07-10-09-10-2025\/"]}]},{"@type":"BreadcrumbList","@id":"https:\/\/bandelin.com\/messen-events\/parts2clean-stuttgart-vom-07-10-09-10-2025\/#breadcrumb","itemListElement":[{"@type":"ListItem","position":1,"name":"Startseite","item":"https:\/\/bandelin.com\/"},{"@type":"ListItem","position":2,"name":"Messen &amp; Events","item":"https:\/\/bandelin.com\/category\/messen-events\/"},{"@type":"ListItem","position":3,"name":"Parts2Clean, Stuttgart vom 07.10.-09.10.2025"}]},{"@type":"WebSite","@id":"https:\/\/bandelin.com\/#website","url":"https:\/\/bandelin.com\/","name":"BANDELIN electronic GmbH &amp; Co. KG","description":"Ultrasonidos desde 1955","publisher":{"@id":"https:\/\/bandelin.com\/#organization"},"potentialAction":[{"@type":"SearchAction","target":{"@type":"EntryPoint","urlTemplate":"https:\/\/bandelin.com\/?s={search_term_string}"},"query-input":{"@type":"PropertyValueSpecification","valueRequired":true,"valueName":"search_term_string"}}],"inLanguage":"es"},{"@type":"Organization","@id":"https:\/\/bandelin.com\/#organization","name":"BANDELIN electronic GmbH &amp; Co. KG","url":"https:\/\/bandelin.com\/","logo":{"@type":"ImageObject","inLanguage":"es","@id":"https:\/\/bandelin.com\/#\/schema\/logo\/image\/","url":"","contentUrl":"","caption":"BANDELIN electronic GmbH & Co. KG"},"image":{"@id":"https:\/\/bandelin.com\/#\/schema\/logo\/image\/"},"sameAs":["https:\/\/de-de.facebook.com\/bandelin.electronic\/","https:\/\/www.instagram.com\/bandelin_ultrasonic\/?hl=de","https:\/\/www.linkedin.com\/company\/bandelin-electronic-gmbh-amp-co-kg","https:\/\/www.youtube.com\/channel\/UC5wTNrNxkwMmX-WzysQqw3g"]},{"@type":"Person","@id":"https:\/\/bandelin.com\/#\/schema\/person\/1a12cda70bd3f0972f3945d4fcb1fb04","name":"J Bandelin","image":{"@type":"ImageObject","inLanguage":"es","@id":"https:\/\/secure.gravatar.com\/avatar\/d2f4f473f2b735d3f886ca089326eaaf08456ff7e80d7eff5abe1ee2547c2820?s=96&d=mm&r=g","url":"https:\/\/secure.gravatar.com\/avatar\/d2f4f473f2b735d3f886ca089326eaaf08456ff7e80d7eff5abe1ee2547c2820?s=96&d=mm&r=g","contentUrl":"https:\/\/secure.gravatar.com\/avatar\/d2f4f473f2b735d3f886ca089326eaaf08456ff7e80d7eff5abe1ee2547c2820?s=96&d=mm&r=g","caption":"J Bandelin"},"url":"https:\/\/bandelin.com\/es\/author\/jobandelin\/"}]}},"_links":{"self":[{"href":"https:\/\/bandelin.com\/es\/wp-json\/wp\/v2\/posts\/583807","targetHints":{"allow":["GET"]}}],"collection":[{"href":"https:\/\/bandelin.com\/es\/wp-json\/wp\/v2\/posts"}],"about":[{"href":"https:\/\/bandelin.com\/es\/wp-json\/wp\/v2\/types\/post"}],"author":[{"embeddable":true,"href":"https:\/\/bandelin.com\/es\/wp-json\/wp\/v2\/users\/3"}],"replies":[{"embeddable":true,"href":"https:\/\/bandelin.com\/es\/wp-json\/wp\/v2\/comments?post=583807"}],"version-history":[{"count":1,"href":"https:\/\/bandelin.com\/es\/wp-json\/wp\/v2\/posts\/583807\/revisions"}],"predecessor-version":[{"id":694538,"href":"https:\/\/bandelin.com\/es\/wp-json\/wp\/v2\/posts\/583807\/revisions\/694538"}],"wp:attachment":[{"href":"https:\/\/bandelin.com\/es\/wp-json\/wp\/v2\/media?parent=583807"}],"wp:term":[{"taxonomy":"category","embeddable":true,"href":"https:\/\/bandelin.com\/es\/wp-json\/wp\/v2\/categories?post=583807"},{"taxonomy":"post_tag","embeddable":true,"href":"https:\/\/bandelin.com\/es\/wp-json\/wp\/v2\/tags?post=583807"}],"curies":[{"name":"wp","href":"https:\/\/api.w.org\/{rel}","templated":true}]}}